{"id":898,"date":"2024-11-21T15:18:18","date_gmt":"2024-11-21T14:18:18","guid":{"rendered":"https:\/\/www.rctreviso.org\/?p=898"},"modified":"2024-11-21T15:18:19","modified_gmt":"2024-11-21T14:18:19","slug":"35-anni-di-passione-e-comunita-il-radio-club-citta-di-treviso-o-d-v","status":"publish","type":"post","link":"https:\/\/www.rctreviso.org\/?p=898","title":{"rendered":"35 Anni di Passione e Comunit\u00e0: Il Radio Club Citt\u00e0 di Treviso O.d.V."},"content":{"rendered":"<p>Quest\u2019anno l\u2019Associazione Radio Club Citt\u00e0 di Treviso O.d.V. celebra un traguardo significativo: 35 anni di attivit\u00e0. Fondata con l\u2019obiettivo di promuovere la passione per la radio e la comunicazione, l\u2019Associazione ha saputo nel tempo creare un forte legame con la comunit\u00e0, diventando un punto di riferimento non solo per gli appassionati di radio, ma anche per la protezione civile.<\/p>\n<p>Nel 1989, un gruppo di appassionati di radio si \u00e8 unito per dare vita a questa associazione.<br \/>\nFin dall\u2019inizio, il Radio Club ha puntato sulla formazione e sull\u2019informazione, organizzando eventi, corsi e attivit\u00e0 di divulgazione. La prima trasmissione \u00e8 stata un successo, dando il via a una serie di iniziative che hanno coinvolto non solo i membri, ma anche la cittadinanza.<\/p>\n<p>Nel corso degli anni, il Radio Club ha sviluppato una serie di progetti che spaziano dalle trasmissioni alle attivit\u00e0 di volontariato.<br \/>\nTra i momenti pi\u00f9 significativi, ricordiamo: gli eventi pubblici del Comune di Treviso; la Formazione dei volontari con corsi per principianti ed avanzati;<br \/>\ned infine progetti di solidariet\u00e0 con attivit\u00e0 di supporto per le emergenze locale e nazionali, iniziative di sensibilizziazione su temi sociali.<\/p>\n<p>Uno degli aspetti pi\u00f9 importanti del lavoro del Radio Club \u00e8 il suo impegno nella protezione civile; L\u2019associazione ha svolto un ruolo cruciale durante situazioni di emergenza, come alluvioni e terremoti, fornendo supporto attraverso le comunicazioni radio, i membri del club sono stati formati per operare in condizioni di crisi, garantendo che le informazioni essenziali raggiungano la popolazione e le autorit\u00e0 competenti.<\/p>\n<p>Inoltre, il Radio Club collabora con le istituzioni locali, partecipando a esercitazioni e piani di emergenza, contribuendo a rafforzare la resilienza della comunit\u00e0. La loro capacit\u00e0 di operare in modo autonomo e di mantenere le comunicazioni attive anche in situazioni di emergenza \u00e8 fondamentale per la sicurezza dei cittadini.<\/p>\n<p> Il Radio Club Citt\u00e0 di Treviso O.d.V. non \u00e8 solo un luogo per gli appassionati di radio, ma un vero e proprio centro di aggregazione. <\/p>\n<p>Con 35 anni di storia alle spalle, il Radio Club guarda al futuro con entusiasmo. Nuove tecnologie e formati di comunicazione offrono opportunit\u00e0 uniche per espandere l\u2019attivit\u00e0 e raggiungere un pubblico sempre pi\u00f9 ampio.<br \/>\nI membri sono determinati a continuare a innovare e a coinvolgere le nuove generazioni, assicurando che la passione per la radio resti viva e vibrante.<\/p>\n<p>I 35 anni dell\u2019Associazione Radio Club Citt\u00e0 di Treviso O.d.V. rappresentano un viaggio straordinario, ricco di successi e di esperienze condivise.<br \/>\nFesteggiamo insieme questo importante traguardo, con la speranza di continuare a trasmettere la passione per la radio e a garantire la sicurezza della nostra comunit\u00e0 per molti anni ancora<\/p>\n\n\n<div class=\"wp-block-comments\"><\/div>\n","protected":false},"excerpt":{"rendered":"<p>Quest\u2019anno l\u2019Associazione Radio Club Citt\u00e0 di Treviso O.d.V. celebra un traguardo significativo: 35 anni di attivit\u00e0. Fondata con l\u2019obiettivo di promuovere la passione per la radio e la comunicazione, l\u2019Associazione &hellip; <\/p>\n<p class=\"link-more\"><a href=\"https:\/\/www.rctreviso.org\/?p=898\" class=\"more-link\">Leggi tutto<span class=\"screen-reader-text\"> &#8220;35 Anni di Passione e Comunit\u00e0: Il Radio Club Citt\u00e0 di Treviso O.d.V.&#8221;<\/span><\/a><\/p>\n","protected":false},"author":1,"featured_media":0,"comment_status":"open","ping_status":"open","sticky":false,"template":"","format":"standard","meta":{"footnotes":""},"categories":[1],"tags":[],"class_list":["post-898","post","type-post","status-publish","format-standard","hentry","category-uncategorized"],"yoast_head":"<!-- This site is optimized with the Yoast SEO plugin v28.4 - https:\/\/yoast.com\/product\/yoast-seo-wordpress\/ -->\n<title>35 Anni di Passione e Comunit\u00e0: Il Radio Club Citt\u00e0 di Treviso O.d.V. - Radio Club &quot;Citt\u00e0 di Treviso&quot;<\/title>\n<meta name=\"robots\" content=\"index, follow, max-snippet:-1, max-image-preview:large, max-video-preview:-1\" \/>\n<link rel=\"canonical\" href=\"https:\/\/www.rctreviso.org\/?p=898\" \/>\n<meta property=\"og:locale\" content=\"it_IT\" \/>\n<meta property=\"og:type\" content=\"article\" \/>\n<meta property=\"og:title\" content=\"35 Anni di Passione e Comunit\u00e0: Il Radio Club Citt\u00e0 di Treviso O.d.V. - Radio Club &quot;Citt\u00e0 di Treviso&quot;\" \/>\n<meta property=\"og:description\" content=\"Quest\u2019anno l\u2019Associazione Radio Club Citt\u00e0 di Treviso O.d.V. celebra un traguardo significativo: 35 anni di attivit\u00e0. Fondata con l\u2019obiettivo di promuovere la passione per la radio e la comunicazione, l\u2019Associazione &hellip; Leggi tutto &quot;35 Anni di Passione e Comunit\u00e0: Il Radio Club Citt\u00e0 di Treviso O.d.V.&quot;\" \/>\n<meta property=\"og:url\" content=\"https:\/\/www.rctreviso.org\/?p=898\" \/>\n<meta property=\"og:site_name\" content=\"Radio Club &quot;Citt\u00e0 di Treviso&quot;\" \/>\n<meta property=\"article:publisher\" content=\"https:\/\/www.facebook.com\/groups\/236500013140931\/about\" \/>\n<meta property=\"article:author\" content=\"https:\/\/www.facebook.com\/groups\/236500013140931\" \/>\n<meta property=\"article:published_time\" content=\"2024-11-21T14:18:18+00:00\" \/>\n<meta property=\"article:modified_time\" content=\"2024-11-21T14:18:19+00:00\" \/>\n<meta name=\"author\" content=\"Radio Club rctreviso&quot;Citt\u00e0 di Treviso&quot;\" \/>\n<meta name=\"twitter:card\" content=\"summary_large_image\" \/>\n<meta name=\"twitter:label1\" content=\"Scritto da\" \/>\n\t<meta name=\"twitter:data1\" content=\"Radio Club rctreviso&quot;Citt\u00e0 di Treviso&quot;\" \/>\n\t<meta name=\"twitter:label2\" content=\"Tempo di lettura stimato\" \/>\n\t<meta name=\"twitter:data2\" content=\"2 minuti\" \/>\n<script type=\"application\/ld+json\" class=\"yoast-schema-graph\">{\"@context\":\"https:\\\/\\\/schema.org\",\"@graph\":[{\"@type\":\"Article\",\"@id\":\"https:\\\/\\\/www.rctreviso.org\\\/?p=898#article\",\"isPartOf\":{\"@id\":\"https:\\\/\\\/www.rctreviso.org\\\/?p=898\"},\"author\":{\"name\":\"Radio Club rctreviso\\\"Citt\u00e0 di Treviso\\\"\",\"@id\":\"https:\\\/\\\/www.rctreviso.org\\\/#\\\/schema\\\/person\\\/05499047d9bcabd788d61776f09325d9\"},\"headline\":\"35 Anni di Passione e Comunit\u00e0: Il Radio Club Citt\u00e0 di Treviso O.d.V.\",\"datePublished\":\"2024-11-21T14:18:18+00:00\",\"dateModified\":\"2024-11-21T14:18:19+00:00\",\"mainEntityOfPage\":{\"@id\":\"https:\\\/\\\/www.rctreviso.org\\\/?p=898\"},\"wordCount\":450,\"commentCount\":0,\"publisher\":{\"@id\":\"https:\\\/\\\/www.rctreviso.org\\\/#organization\"},\"articleSection\":[\"Eventi\"],\"inLanguage\":\"it-IT\",\"potentialAction\":[{\"@type\":\"CommentAction\",\"name\":\"Comment\",\"target\":[\"https:\\\/\\\/www.rctreviso.org\\\/?p=898#respond\"]}]},{\"@type\":\"WebPage\",\"@id\":\"https:\\\/\\\/www.rctreviso.org\\\/?p=898\",\"url\":\"https:\\\/\\\/www.rctreviso.org\\\/?p=898\",\"name\":\"35 Anni di Passione e Comunit\u00e0: Il Radio Club Citt\u00e0 di Treviso O.d.V. - Radio Club &quot;Citt\u00e0 di Treviso&quot;\",\"isPartOf\":{\"@id\":\"https:\\\/\\\/www.rctreviso.org\\\/#website\"},\"datePublished\":\"2024-11-21T14:18:18+00:00\",\"dateModified\":\"2024-11-21T14:18:19+00:00\",\"breadcrumb\":{\"@id\":\"https:\\\/\\\/www.rctreviso.org\\\/?p=898#breadcrumb\"},\"inLanguage\":\"it-IT\",\"potentialAction\":[{\"@type\":\"ReadAction\",\"target\":[\"https:\\\/\\\/www.rctreviso.org\\\/?p=898\"]}]},{\"@type\":\"BreadcrumbList\",\"@id\":\"https:\\\/\\\/www.rctreviso.org\\\/?p=898#breadcrumb\",\"itemListElement\":[{\"@type\":\"ListItem\",\"position\":1,\"name\":\"Home\",\"item\":\"https:\\\/\\\/www.rctreviso.org\\\/\"},{\"@type\":\"ListItem\",\"position\":2,\"name\":\"35 Anni di Passione e Comunit\u00e0: Il Radio Club Citt\u00e0 di Treviso O.d.V.\"}]},{\"@type\":\"WebSite\",\"@id\":\"https:\\\/\\\/www.rctreviso.org\\\/#website\",\"url\":\"https:\\\/\\\/www.rctreviso.org\\\/\",\"name\":\"Radio Club &quot;Citt\u00e0 di Treviso&quot;\",\"description\":\"AIUTACI AD AIUTARE!!! - PREVENZIONE E SOCCORSO A PERSONE E COSE\",\"publisher\":{\"@id\":\"https:\\\/\\\/www.rctreviso.org\\\/#organization\"},\"potentialAction\":[{\"@type\":\"SearchAction\",\"target\":{\"@type\":\"EntryPoint\",\"urlTemplate\":\"https:\\\/\\\/www.rctreviso.org\\\/?s={search_term_string}\"},\"query-input\":{\"@type\":\"PropertyValueSpecification\",\"valueRequired\":true,\"valueName\":\"search_term_string\"}}],\"inLanguage\":\"it-IT\"},{\"@type\":\"Organization\",\"@id\":\"https:\\\/\\\/www.rctreviso.org\\\/#organization\",\"name\":\"Radio Club \\\"Citt\u00e0 di Treviso\\\"\",\"url\":\"https:\\\/\\\/www.rctreviso.org\\\/\",\"logo\":{\"@type\":\"ImageObject\",\"inLanguage\":\"it-IT\",\"@id\":\"https:\\\/\\\/www.rctreviso.org\\\/#\\\/schema\\\/logo\\\/image\\\/\",\"url\":\"\",\"contentUrl\":\"\",\"caption\":\"Radio Club \\\"Citt\u00e0 di Treviso\\\"\"},\"image\":{\"@id\":\"https:\\\/\\\/www.rctreviso.org\\\/#\\\/schema\\\/logo\\\/image\\\/\"},\"sameAs\":[\"https:\\\/\\\/www.facebook.com\\\/groups\\\/236500013140931\\\/about\",\"https:\\\/\\\/www.instagram.com\\\/trevisorc\"]},{\"@type\":\"Person\",\"@id\":\"https:\\\/\\\/www.rctreviso.org\\\/#\\\/schema\\\/person\\\/05499047d9bcabd788d61776f09325d9\",\"name\":\"Radio Club rctreviso\\\"Citt\u00e0 di Treviso\\\"\",\"image\":{\"@type\":\"ImageObject\",\"inLanguage\":\"it-IT\",\"@id\":\"https:\\\/\\\/secure.gravatar.com\\\/avatar\\\/d229f7690e3e33607b6e0f665ecb2a798586f018635a117fbc9611d9108e6dfe?s=96&d=mm&r=g\",\"url\":\"https:\\\/\\\/secure.gravatar.com\\\/avatar\\\/d229f7690e3e33607b6e0f665ecb2a798586f018635a117fbc9611d9108e6dfe?s=96&d=mm&r=g\",\"contentUrl\":\"https:\\\/\\\/secure.gravatar.com\\\/avatar\\\/d229f7690e3e33607b6e0f665ecb2a798586f018635a117fbc9611d9108e6dfe?s=96&d=mm&r=g\",\"caption\":\"Radio Club rctreviso\\\"Citt\u00e0 di Treviso\\\"\"},\"sameAs\":[\"https:\\\/\\\/www.rctreviso.org\",\"https:\\\/\\\/www.facebook.com\\\/groups\\\/236500013140931\",\"http:\\\/\\\/www.istagram.com\\\/trevisorc\"]}]}<\/script>\n<!-- \/ Yoast SEO plugin. -->","yoast_head_json":{"title":"35 Anni di Passione e Comunit\u00e0: Il Radio Club Citt\u00e0 di Treviso O.d.V. - Radio Club &quot;Citt\u00e0 di Treviso&quot;","robots":{"index":"index","follow":"follow","max-snippet":"max-snippet:-1","max-image-preview":"max-image-preview:large","max-video-preview":"max-video-preview:-1"},"canonical":"https:\/\/www.rctreviso.org\/?p=898","og_locale":"it_IT","og_type":"article","og_title":"35 Anni di Passione e Comunit\u00e0: Il Radio Club Citt\u00e0 di Treviso O.d.V. - Radio Club &quot;Citt\u00e0 di Treviso&quot;","og_description":"Quest\u2019anno l\u2019Associazione Radio Club Citt\u00e0 di Treviso O.d.V. celebra un traguardo significativo: 35 anni di attivit\u00e0. Fondata con l\u2019obiettivo di promuovere la passione per la radio e la comunicazione, l\u2019Associazione &hellip; Leggi tutto \"35 Anni di Passione e Comunit\u00e0: Il Radio Club Citt\u00e0 di Treviso O.d.V.\"","og_url":"https:\/\/www.rctreviso.org\/?p=898","og_site_name":"Radio Club &quot;Citt\u00e0 di Treviso&quot;","article_publisher":"https:\/\/www.facebook.com\/groups\/236500013140931\/about","article_author":"https:\/\/www.facebook.com\/groups\/236500013140931","article_published_time":"2024-11-21T14:18:18+00:00","article_modified_time":"2024-11-21T14:18:19+00:00","author":"Radio Club rctreviso\"Citt\u00e0 di Treviso\"","twitter_card":"summary_large_image","twitter_misc":{"Scritto da":"Radio Club rctreviso\"Citt\u00e0 di Treviso\"","Tempo di lettura stimato":"2 minuti"},"schema":{"@context":"https:\/\/schema.org","@graph":[{"@type":"Article","@id":"https:\/\/www.rctreviso.org\/?p=898#article","isPartOf":{"@id":"https:\/\/www.rctreviso.org\/?p=898"},"author":{"name":"Radio Club rctreviso\"Citt\u00e0 di Treviso\"","@id":"https:\/\/www.rctreviso.org\/#\/schema\/person\/05499047d9bcabd788d61776f09325d9"},"headline":"35 Anni di Passione e Comunit\u00e0: Il Radio Club Citt\u00e0 di Treviso O.d.V.","datePublished":"2024-11-21T14:18:18+00:00","dateModified":"2024-11-21T14:18:19+00:00","mainEntityOfPage":{"@id":"https:\/\/www.rctreviso.org\/?p=898"},"wordCount":450,"commentCount":0,"publisher":{"@id":"https:\/\/www.rctreviso.org\/#organization"},"articleSection":["Eventi"],"inLanguage":"it-IT","potentialAction":[{"@type":"CommentAction","name":"Comment","target":["https:\/\/www.rctreviso.org\/?p=898#respond"]}]},{"@type":"WebPage","@id":"https:\/\/www.rctreviso.org\/?p=898","url":"https:\/\/www.rctreviso.org\/?p=898","name":"35 Anni di Passione e Comunit\u00e0: Il Radio Club Citt\u00e0 di Treviso O.d.V. - Radio Club &quot;Citt\u00e0 di Treviso&quot;","isPartOf":{"@id":"https:\/\/www.rctreviso.org\/#website"},"datePublished":"2024-11-21T14:18:18+00:00","dateModified":"2024-11-21T14:18:19+00:00","breadcrumb":{"@id":"https:\/\/www.rctreviso.org\/?p=898#breadcrumb"},"inLanguage":"it-IT","potentialAction":[{"@type":"ReadAction","target":["https:\/\/www.rctreviso.org\/?p=898"]}]},{"@type":"BreadcrumbList","@id":"https:\/\/www.rctreviso.org\/?p=898#breadcrumb","itemListElement":[{"@type":"ListItem","position":1,"name":"Home","item":"https:\/\/www.rctreviso.org\/"},{"@type":"ListItem","position":2,"name":"35 Anni di Passione e Comunit\u00e0: Il Radio Club Citt\u00e0 di Treviso O.d.V."}]},{"@type":"WebSite","@id":"https:\/\/www.rctreviso.org\/#website","url":"https:\/\/www.rctreviso.org\/","name":"Radio Club &quot;Citt\u00e0 di Treviso&quot;","description":"AIUTACI AD AIUTARE!!! - PREVENZIONE E SOCCORSO A PERSONE E COSE","publisher":{"@id":"https:\/\/www.rctreviso.org\/#organization"},"potentialAction":[{"@type":"SearchAction","target":{"@type":"EntryPoint","urlTemplate":"https:\/\/www.rctreviso.org\/?s={search_term_string}"},"query-input":{"@type":"PropertyValueSpecification","valueRequired":true,"valueName":"search_term_string"}}],"inLanguage":"it-IT"},{"@type":"Organization","@id":"https:\/\/www.rctreviso.org\/#organization","name":"Radio Club \"Citt\u00e0 di Treviso\"","url":"https:\/\/www.rctreviso.org\/","logo":{"@type":"ImageObject","inLanguage":"it-IT","@id":"https:\/\/www.rctreviso.org\/#\/schema\/logo\/image\/","url":"","contentUrl":"","caption":"Radio Club \"Citt\u00e0 di Treviso\""},"image":{"@id":"https:\/\/www.rctreviso.org\/#\/schema\/logo\/image\/"},"sameAs":["https:\/\/www.facebook.com\/groups\/236500013140931\/about","https:\/\/www.instagram.com\/trevisorc"]},{"@type":"Person","@id":"https:\/\/www.rctreviso.org\/#\/schema\/person\/05499047d9bcabd788d61776f09325d9","name":"Radio Club rctreviso\"Citt\u00e0 di Treviso\"","image":{"@type":"ImageObject","inLanguage":"it-IT","@id":"https:\/\/secure.gravatar.com\/avatar\/d229f7690e3e33607b6e0f665ecb2a798586f018635a117fbc9611d9108e6dfe?s=96&d=mm&r=g","url":"https:\/\/secure.gravatar.com\/avatar\/d229f7690e3e33607b6e0f665ecb2a798586f018635a117fbc9611d9108e6dfe?s=96&d=mm&r=g","contentUrl":"https:\/\/secure.gravatar.com\/avatar\/d229f7690e3e33607b6e0f665ecb2a798586f018635a117fbc9611d9108e6dfe?s=96&d=mm&r=g","caption":"Radio Club rctreviso\"Citt\u00e0 di Treviso\""},"sameAs":["https:\/\/www.rctreviso.org","https:\/\/www.facebook.com\/groups\/236500013140931","http:\/\/www.istagram.com\/trevisorc"]}]}},"_links":{"self":[{"href":"https:\/\/www.rctreviso.org\/index.php?rest_route=\/wp\/v2\/posts\/898","targetHints":{"allow":["GET"]}}],"collection":[{"href":"https:\/\/www.rctreviso.org\/index.php?rest_route=\/wp\/v2\/posts"}],"about":[{"href":"https:\/\/www.rctreviso.org\/index.php?rest_route=\/wp\/v2\/types\/post"}],"author":[{"embeddable":true,"href":"https:\/\/www.rctreviso.org\/index.php?rest_route=\/wp\/v2\/users\/1"}],"replies":[{"embeddable":true,"href":"https:\/\/www.rctreviso.org\/index.php?rest_route=%2Fwp%2Fv2%2Fcomments&post=898"}],"version-history":[{"count":1,"href":"https:\/\/www.rctreviso.org\/index.php?rest_route=\/wp\/v2\/posts\/898\/revisions"}],"predecessor-version":[{"id":899,"href":"https:\/\/www.rctreviso.org\/index.php?rest_route=\/wp\/v2\/posts\/898\/revisions\/899"}],"wp:attachment":[{"href":"https:\/\/www.rctreviso.org\/index.php?rest_route=%2Fwp%2Fv2%2Fmedia&parent=898"}],"wp:term":[{"taxonomy":"category","embeddable":true,"href":"https:\/\/www.rctreviso.org\/index.php?rest_route=%2Fwp%2Fv2%2Fcategories&post=898"},{"taxonomy":"post_tag","embeddable":true,"href":"https:\/\/www.rctreviso.org\/index.php?rest_route=%2Fwp%2Fv2%2Ftags&post=898"}],"curies":[{"name":"wp","href":"https:\/\/api.w.org\/{rel}","templated":true}]}}