{"id":797,"date":"2022-06-03T13:11:40","date_gmt":"2022-06-03T11:11:40","guid":{"rendered":"https:\/\/www.rctreviso.org\/?p=797"},"modified":"2022-06-03T13:11:41","modified_gmt":"2022-06-03T11:11:41","slug":"mostra-verita-e-salvezza-di-ciro-palumbo-2","status":"publish","type":"post","link":"https:\/\/www.rctreviso.org\/?p=797","title":{"rendered":"Mostra &#8220;Verit\u00e0 e Salvezza&#8221; di Ciro Palumbo"},"content":{"rendered":"<p>Il Radio Club &#8220;Citt\u00e0 di Treviso&#8221; \u00e8 impegnato a garantire la presenza di un Addetto Alto Rischio in occasione della Mostra intitolata &#8221; Verit\u00e0 e Salvezza&#8221; dell&#8217;artista Ciro Palumbo in esposizione presso il 1\u00b0 Piano di Casa dei Carraresi in Via Palestro a Treviso con orario 11 &#8211; 19.<\/p>\n","protected":false},"excerpt":{"rendered":"<p>Il Radio Club &#8220;Citt\u00e0 di Treviso&#8221; \u00e8 impegnato a garantire la presenza di un Addetto Alto Rischio in occasione della Mostra intitolata &#8221; Verit\u00e0 e Salvezza&#8221; dell&#8217;artista Ciro Palumbo in &hellip; <\/p>\n<p class=\"link-more\"><a href=\"https:\/\/www.rctreviso.org\/?p=797\" class=\"more-link\">Leggi tutto<span class=\"screen-reader-text\"> &#8220;Mostra &#8220;Verit\u00e0 e Salvezza&#8221; di Ciro Palumbo&#8221;<\/span><\/a><\/p>\n","protected":false},"author":1,"featured_media":0,"comment_status":"open","ping_status":"open","sticky":false,"template":"","format":"standard","meta":{"footnotes":""},"categories":[1],"tags":[],"class_list":["post-797","post","type-post","status-publish","format-standard","hentry","category-uncategorized"],"yoast_head":"<!-- This site is optimized with the Yoast SEO plugin v28.4 - https:\/\/yoast.com\/product\/yoast-seo-wordpress\/ -->\n<title>Mostra &quot;Verit\u00e0 e Salvezza&quot; di Ciro Palumbo - Radio Club &quot;Citt\u00e0 di Treviso&quot;<\/title>\n<meta name=\"robots\" content=\"index, follow, max-snippet:-1, max-image-preview:large, max-video-preview:-1\" \/>\n<link rel=\"canonical\" href=\"https:\/\/www.rctreviso.org\/?p=797\" \/>\n<meta property=\"og:locale\" content=\"it_IT\" \/>\n<meta property=\"og:type\" content=\"article\" \/>\n<meta property=\"og:title\" content=\"Mostra &quot;Verit\u00e0 e Salvezza&quot; di Ciro Palumbo - Radio Club &quot;Citt\u00e0 di Treviso&quot;\" \/>\n<meta property=\"og:description\" content=\"Il Radio Club &#8220;Citt\u00e0 di Treviso&#8221; \u00e8 impegnato a garantire la presenza di un Addetto Alto Rischio in occasione della Mostra intitolata &#8221; Verit\u00e0 e Salvezza&#8221; dell&#8217;artista Ciro Palumbo in &hellip; Leggi tutto &quot;Mostra &#8220;Verit\u00e0 e Salvezza&#8221; di Ciro Palumbo&quot;\" \/>\n<meta property=\"og:url\" content=\"https:\/\/www.rctreviso.org\/?p=797\" \/>\n<meta property=\"og:site_name\" content=\"Radio Club &quot;Citt\u00e0 di Treviso&quot;\" \/>\n<meta property=\"article:publisher\" content=\"https:\/\/www.facebook.com\/groups\/236500013140931\/about\" \/>\n<meta property=\"article:author\" content=\"https:\/\/www.facebook.com\/groups\/236500013140931\" \/>\n<meta property=\"article:published_time\" content=\"2022-06-03T11:11:40+00:00\" \/>\n<meta property=\"article:modified_time\" content=\"2022-06-03T11:11:41+00:00\" \/>\n<meta name=\"author\" content=\"Radio Club rctreviso&quot;Citt\u00e0 di Treviso&quot;\" \/>\n<meta name=\"twitter:card\" content=\"summary_large_image\" \/>\n<meta name=\"twitter:label1\" content=\"Scritto da\" \/>\n\t<meta name=\"twitter:data1\" content=\"Radio Club rctreviso&quot;Citt\u00e0 di Treviso&quot;\" \/>\n<script type=\"application\/ld+json\" class=\"yoast-schema-graph\">{\"@context\":\"https:\\\/\\\/schema.org\",\"@graph\":[{\"@type\":\"Article\",\"@id\":\"https:\\\/\\\/www.rctreviso.org\\\/?p=797#article\",\"isPartOf\":{\"@id\":\"https:\\\/\\\/www.rctreviso.org\\\/?p=797\"},\"author\":{\"name\":\"Radio Club rctreviso\\\"Citt\u00e0 di Treviso\\\"\",\"@id\":\"https:\\\/\\\/www.rctreviso.org\\\/#\\\/schema\\\/person\\\/05499047d9bcabd788d61776f09325d9\"},\"headline\":\"Mostra &#8220;Verit\u00e0 e Salvezza&#8221; di Ciro Palumbo\",\"datePublished\":\"2022-06-03T11:11:40+00:00\",\"dateModified\":\"2022-06-03T11:11:41+00:00\",\"mainEntityOfPage\":{\"@id\":\"https:\\\/\\\/www.rctreviso.org\\\/?p=797\"},\"wordCount\":52,\"commentCount\":0,\"publisher\":{\"@id\":\"https:\\\/\\\/www.rctreviso.org\\\/#organization\"},\"articleSection\":[\"Eventi\"],\"inLanguage\":\"it-IT\",\"potentialAction\":[{\"@type\":\"CommentAction\",\"name\":\"Comment\",\"target\":[\"https:\\\/\\\/www.rctreviso.org\\\/?p=797#respond\"]}]},{\"@type\":\"WebPage\",\"@id\":\"https:\\\/\\\/www.rctreviso.org\\\/?p=797\",\"url\":\"https:\\\/\\\/www.rctreviso.org\\\/?p=797\",\"name\":\"Mostra \\\"Verit\u00e0 e Salvezza\\\" di Ciro Palumbo - Radio Club &quot;Citt\u00e0 di Treviso&quot;\",\"isPartOf\":{\"@id\":\"https:\\\/\\\/www.rctreviso.org\\\/#website\"},\"datePublished\":\"2022-06-03T11:11:40+00:00\",\"dateModified\":\"2022-06-03T11:11:41+00:00\",\"breadcrumb\":{\"@id\":\"https:\\\/\\\/www.rctreviso.org\\\/?p=797#breadcrumb\"},\"inLanguage\":\"it-IT\",\"potentialAction\":[{\"@type\":\"ReadAction\",\"target\":[\"https:\\\/\\\/www.rctreviso.org\\\/?p=797\"]}]},{\"@type\":\"BreadcrumbList\",\"@id\":\"https:\\\/\\\/www.rctreviso.org\\\/?p=797#breadcrumb\",\"itemListElement\":[{\"@type\":\"ListItem\",\"position\":1,\"name\":\"Home\",\"item\":\"https:\\\/\\\/www.rctreviso.org\\\/\"},{\"@type\":\"ListItem\",\"position\":2,\"name\":\"Mostra &#8220;Verit\u00e0 e Salvezza&#8221; di Ciro Palumbo\"}]},{\"@type\":\"WebSite\",\"@id\":\"https:\\\/\\\/www.rctreviso.org\\\/#website\",\"url\":\"https:\\\/\\\/www.rctreviso.org\\\/\",\"name\":\"Radio Club &quot;Citt\u00e0 di Treviso&quot;\",\"description\":\"AIUTACI AD AIUTARE!!! - PREVENZIONE E SOCCORSO A PERSONE E COSE\",\"publisher\":{\"@id\":\"https:\\\/\\\/www.rctreviso.org\\\/#organization\"},\"potentialAction\":[{\"@type\":\"SearchAction\",\"target\":{\"@type\":\"EntryPoint\",\"urlTemplate\":\"https:\\\/\\\/www.rctreviso.org\\\/?s={search_term_string}\"},\"query-input\":{\"@type\":\"PropertyValueSpecification\",\"valueRequired\":true,\"valueName\":\"search_term_string\"}}],\"inLanguage\":\"it-IT\"},{\"@type\":\"Organization\",\"@id\":\"https:\\\/\\\/www.rctreviso.org\\\/#organization\",\"name\":\"Radio Club \\\"Citt\u00e0 di Treviso\\\"\",\"url\":\"https:\\\/\\\/www.rctreviso.org\\\/\",\"logo\":{\"@type\":\"ImageObject\",\"inLanguage\":\"it-IT\",\"@id\":\"https:\\\/\\\/www.rctreviso.org\\\/#\\\/schema\\\/logo\\\/image\\\/\",\"url\":\"\",\"contentUrl\":\"\",\"caption\":\"Radio Club \\\"Citt\u00e0 di Treviso\\\"\"},\"image\":{\"@id\":\"https:\\\/\\\/www.rctreviso.org\\\/#\\\/schema\\\/logo\\\/image\\\/\"},\"sameAs\":[\"https:\\\/\\\/www.facebook.com\\\/groups\\\/236500013140931\\\/about\",\"https:\\\/\\\/www.instagram.com\\\/trevisorc\"]},{\"@type\":\"Person\",\"@id\":\"https:\\\/\\\/www.rctreviso.org\\\/#\\\/schema\\\/person\\\/05499047d9bcabd788d61776f09325d9\",\"name\":\"Radio Club rctreviso\\\"Citt\u00e0 di Treviso\\\"\",\"image\":{\"@type\":\"ImageObject\",\"inLanguage\":\"it-IT\",\"@id\":\"https:\\\/\\\/secure.gravatar.com\\\/avatar\\\/d229f7690e3e33607b6e0f665ecb2a798586f018635a117fbc9611d9108e6dfe?s=96&d=mm&r=g\",\"url\":\"https:\\\/\\\/secure.gravatar.com\\\/avatar\\\/d229f7690e3e33607b6e0f665ecb2a798586f018635a117fbc9611d9108e6dfe?s=96&d=mm&r=g\",\"contentUrl\":\"https:\\\/\\\/secure.gravatar.com\\\/avatar\\\/d229f7690e3e33607b6e0f665ecb2a798586f018635a117fbc9611d9108e6dfe?s=96&d=mm&r=g\",\"caption\":\"Radio Club rctreviso\\\"Citt\u00e0 di Treviso\\\"\"},\"sameAs\":[\"https:\\\/\\\/www.rctreviso.org\",\"https:\\\/\\\/www.facebook.com\\\/groups\\\/236500013140931\",\"http:\\\/\\\/www.istagram.com\\\/trevisorc\"]}]}<\/script>\n<!-- \/ Yoast SEO plugin. -->","yoast_head_json":{"title":"Mostra \"Verit\u00e0 e Salvezza\" di Ciro Palumbo - Radio Club &quot;Citt\u00e0 di Treviso&quot;","robots":{"index":"index","follow":"follow","max-snippet":"max-snippet:-1","max-image-preview":"max-image-preview:large","max-video-preview":"max-video-preview:-1"},"canonical":"https:\/\/www.rctreviso.org\/?p=797","og_locale":"it_IT","og_type":"article","og_title":"Mostra \"Verit\u00e0 e Salvezza\" di Ciro Palumbo - Radio Club &quot;Citt\u00e0 di Treviso&quot;","og_description":"Il Radio Club &#8220;Citt\u00e0 di Treviso&#8221; \u00e8 impegnato a garantire la presenza di un Addetto Alto Rischio in occasione della Mostra intitolata &#8221; Verit\u00e0 e Salvezza&#8221; dell&#8217;artista Ciro Palumbo in &hellip; Leggi tutto \"Mostra &#8220;Verit\u00e0 e Salvezza&#8221; di Ciro Palumbo\"","og_url":"https:\/\/www.rctreviso.org\/?p=797","og_site_name":"Radio Club &quot;Citt\u00e0 di Treviso&quot;","article_publisher":"https:\/\/www.facebook.com\/groups\/236500013140931\/about","article_author":"https:\/\/www.facebook.com\/groups\/236500013140931","article_published_time":"2022-06-03T11:11:40+00:00","article_modified_time":"2022-06-03T11:11:41+00:00","author":"Radio Club rctreviso\"Citt\u00e0 di Treviso\"","twitter_card":"summary_large_image","twitter_misc":{"Scritto da":"Radio Club rctreviso\"Citt\u00e0 di Treviso\""},"schema":{"@context":"https:\/\/schema.org","@graph":[{"@type":"Article","@id":"https:\/\/www.rctreviso.org\/?p=797#article","isPartOf":{"@id":"https:\/\/www.rctreviso.org\/?p=797"},"author":{"name":"Radio Club rctreviso\"Citt\u00e0 di Treviso\"","@id":"https:\/\/www.rctreviso.org\/#\/schema\/person\/05499047d9bcabd788d61776f09325d9"},"headline":"Mostra &#8220;Verit\u00e0 e Salvezza&#8221; di Ciro Palumbo","datePublished":"2022-06-03T11:11:40+00:00","dateModified":"2022-06-03T11:11:41+00:00","mainEntityOfPage":{"@id":"https:\/\/www.rctreviso.org\/?p=797"},"wordCount":52,"commentCount":0,"publisher":{"@id":"https:\/\/www.rctreviso.org\/#organization"},"articleSection":["Eventi"],"inLanguage":"it-IT","potentialAction":[{"@type":"CommentAction","name":"Comment","target":["https:\/\/www.rctreviso.org\/?p=797#respond"]}]},{"@type":"WebPage","@id":"https:\/\/www.rctreviso.org\/?p=797","url":"https:\/\/www.rctreviso.org\/?p=797","name":"Mostra \"Verit\u00e0 e Salvezza\" di Ciro Palumbo - Radio Club &quot;Citt\u00e0 di Treviso&quot;","isPartOf":{"@id":"https:\/\/www.rctreviso.org\/#website"},"datePublished":"2022-06-03T11:11:40+00:00","dateModified":"2022-06-03T11:11:41+00:00","breadcrumb":{"@id":"https:\/\/www.rctreviso.org\/?p=797#breadcrumb"},"inLanguage":"it-IT","potentialAction":[{"@type":"ReadAction","target":["https:\/\/www.rctreviso.org\/?p=797"]}]},{"@type":"BreadcrumbList","@id":"https:\/\/www.rctreviso.org\/?p=797#breadcrumb","itemListElement":[{"@type":"ListItem","position":1,"name":"Home","item":"https:\/\/www.rctreviso.org\/"},{"@type":"ListItem","position":2,"name":"Mostra &#8220;Verit\u00e0 e Salvezza&#8221; di Ciro Palumbo"}]},{"@type":"WebSite","@id":"https:\/\/www.rctreviso.org\/#website","url":"https:\/\/www.rctreviso.org\/","name":"Radio Club &quot;Citt\u00e0 di Treviso&quot;","description":"AIUTACI AD AIUTARE!!! - PREVENZIONE E SOCCORSO A PERSONE E COSE","publisher":{"@id":"https:\/\/www.rctreviso.org\/#organization"},"potentialAction":[{"@type":"SearchAction","target":{"@type":"EntryPoint","urlTemplate":"https:\/\/www.rctreviso.org\/?s={search_term_string}"},"query-input":{"@type":"PropertyValueSpecification","valueRequired":true,"valueName":"search_term_string"}}],"inLanguage":"it-IT"},{"@type":"Organization","@id":"https:\/\/www.rctreviso.org\/#organization","name":"Radio Club \"Citt\u00e0 di Treviso\"","url":"https:\/\/www.rctreviso.org\/","logo":{"@type":"ImageObject","inLanguage":"it-IT","@id":"https:\/\/www.rctreviso.org\/#\/schema\/logo\/image\/","url":"","contentUrl":"","caption":"Radio Club \"Citt\u00e0 di Treviso\""},"image":{"@id":"https:\/\/www.rctreviso.org\/#\/schema\/logo\/image\/"},"sameAs":["https:\/\/www.facebook.com\/groups\/236500013140931\/about","https:\/\/www.instagram.com\/trevisorc"]},{"@type":"Person","@id":"https:\/\/www.rctreviso.org\/#\/schema\/person\/05499047d9bcabd788d61776f09325d9","name":"Radio Club rctreviso\"Citt\u00e0 di Treviso\"","image":{"@type":"ImageObject","inLanguage":"it-IT","@id":"https:\/\/secure.gravatar.com\/avatar\/d229f7690e3e33607b6e0f665ecb2a798586f018635a117fbc9611d9108e6dfe?s=96&d=mm&r=g","url":"https:\/\/secure.gravatar.com\/avatar\/d229f7690e3e33607b6e0f665ecb2a798586f018635a117fbc9611d9108e6dfe?s=96&d=mm&r=g","contentUrl":"https:\/\/secure.gravatar.com\/avatar\/d229f7690e3e33607b6e0f665ecb2a798586f018635a117fbc9611d9108e6dfe?s=96&d=mm&r=g","caption":"Radio Club rctreviso\"Citt\u00e0 di Treviso\""},"sameAs":["https:\/\/www.rctreviso.org","https:\/\/www.facebook.com\/groups\/236500013140931","http:\/\/www.istagram.com\/trevisorc"]}]}},"_links":{"self":[{"href":"https:\/\/www.rctreviso.org\/index.php?rest_route=\/wp\/v2\/posts\/797","targetHints":{"allow":["GET"]}}],"collection":[{"href":"https:\/\/www.rctreviso.org\/index.php?rest_route=\/wp\/v2\/posts"}],"about":[{"href":"https:\/\/www.rctreviso.org\/index.php?rest_route=\/wp\/v2\/types\/post"}],"author":[{"embeddable":true,"href":"https:\/\/www.rctreviso.org\/index.php?rest_route=\/wp\/v2\/users\/1"}],"replies":[{"embeddable":true,"href":"https:\/\/www.rctreviso.org\/index.php?rest_route=%2Fwp%2Fv2%2Fcomments&post=797"}],"version-history":[{"count":1,"href":"https:\/\/www.rctreviso.org\/index.php?rest_route=\/wp\/v2\/posts\/797\/revisions"}],"predecessor-version":[{"id":798,"href":"https:\/\/www.rctreviso.org\/index.php?rest_route=\/wp\/v2\/posts\/797\/revisions\/798"}],"wp:attachment":[{"href":"https:\/\/www.rctreviso.org\/index.php?rest_route=%2Fwp%2Fv2%2Fmedia&parent=797"}],"wp:term":[{"taxonomy":"category","embeddable":true,"href":"https:\/\/www.rctreviso.org\/index.php?rest_route=%2Fwp%2Fv2%2Fcategories&post=797"},{"taxonomy":"post_tag","embeddable":true,"href":"https:\/\/www.rctreviso.org\/index.php?rest_route=%2Fwp%2Fv2%2Ftags&post=797"}],"curies":[{"name":"wp","href":"https:\/\/api.w.org\/{rel}","templated":true}]}}